{"id":2219,"date":"2026-04-24T10:53:06","date_gmt":"2026-04-24T08:53:06","guid":{"rendered":"https:\/\/hetreinterieur.be\/?p=2219"},"modified":"2026-04-24T12:13:19","modified_gmt":"2026-04-24T10:13:19","slug":"patricia-fantini","status":"publish","type":"post","link":"https:\/\/hetreinterieur.be\/index.php\/2026\/04\/24\/patricia-fantini\/","title":{"rendered":"Patricia Fantini"},"content":{"rendered":"\n<p>J&rsquo;ai toujours eu une sensibilit\u00e9 particuli\u00e8re, un \u00ab\u00a0don\u00a0\u00bb m\u00eame,&nbsp; pour les \u00e9nergies, en m\u00eame temps dot\u00e9e d&rsquo;un esprit d&rsquo;analyse et d&rsquo;une formation scientifique, j&rsquo;ai cherch\u00e9 des solutions efficaces pour m&rsquo;aider \u00e0 g\u00e9rer mes propres \u00e9nergies, ma sant\u00e9 globale et j&rsquo;ai \u00e9t\u00e9 guid\u00e9e \u00e0 d\u00e9velopper mon potentiel de gu\u00e9risseuse, ressentant clairement que c&rsquo;\u00e9tait mon chemin de vie.<\/p>\n\n\n\n<p>Employ\u00e9e durant 15 ans dans un laboratoire de recherches, je me suis form\u00e9e parall\u00e8lement \u00e0 diverses m\u00e9thodes de sant\u00e9 holistique et d&rsquo;\u00e9volution depuis 2004:<\/p>\n\n\n\n<ul class=\"wp-block-list\">\n<li>en Naturopathie(Cena avec Robert Masson), en Fleurs de Bach, en Aromath\u00e9rapie (Marie-France Pierre), j&rsquo;ai travaill\u00e9 sur les m\u00e9ridiens avec le Docteur Jeanine Fontaine.<\/li>\n<\/ul>\n\n\n\n<ul class=\"wp-block-list\">\n<li>en Magn\u00e9tisme Humaniste( S\u00e9bastien Berger), technique de Conscience \u00e9nerg\u00e9tique tr\u00e8s compl\u00e8te, v\u00e9ritable outil de transformation,&nbsp; permettant d&rsquo;acc\u00e9der et corriger les causes profondes des probl\u00e9matiques dans les diff\u00e9rents niveaux \u00e9nerg\u00e9tiques, du corps physique \u00e0 l&rsquo;\u00catre, en tenant compte aussi de l&rsquo;environnement et avec la participation active et consciente du consultant. Praticienne en Magn\u00e9tisme Humaniste, je continue \u00e0 valider ma pratique par des supervisions r\u00e9guli\u00e8res et une formation continue<\/li>\n<\/ul>\n\n\n\n<ul class=\"wp-block-list\">\n<li>de part ma formation en Magn\u00e9tisme humaniste, je suis \u00e9galement form\u00e9e en g\u00e9obiologie( \u00e9quilibrage des \u00e9nergies des lieux, qui soutient le d\u00e9veloppement personnel et la sant\u00e9 holistique). Votre lieu peut soit vous porter, soit vous freiner ou m\u00eame vous rendre malade.<\/li>\n<\/ul>\n\n\n\n<ul class=\"wp-block-list\">\n<li>Je suis aussi praticienne et formatrice en Shiatsu HEH notamment \u00e0 l&rsquo;IFAPME( m\u00e9thode enseign\u00e9e par Michel Daenen, de la lign\u00e9e de l&rsquo;\u00e9cole Iokai ).<\/li>\n<\/ul>\n\n\n\n<p>Bas\u00e9 sur la m\u00e9decine traditionnelle chinoise, le shiatsu, reconnu par l&rsquo;OMS,&nbsp; s&rsquo;apparente \u00e0 une technique de massage, sur personne habill\u00e9e, \u00e9quilibrant le yin et le yang dans les m\u00e9ridiens, faisant circuler harmonieusement l&rsquo;\u00e9nergie du corps sans entrave, dissolvant les tensions et les blocages pour pr\u00e9server ou restaurer l&rsquo;\u00e9quilibre sant\u00e9 du corps et favoriser l&rsquo;autogu\u00e9rison. L&rsquo;Energie vitale retrouv\u00e9e circule, le corps est d\u00e9li\u00e9 et un calme tonique peut \u00eatre observ\u00e9.<\/p>\n\n\n\n<ul class=\"wp-block-list\">\n<li>Je suis \u00e9galement form\u00e9e en Technique de transformations des peurs inconscientes( par L\u00e9on Renard),&nbsp; technique exceptionnelle, douce mais efficace dans la&nbsp;r\u00e9solution des peurs profondes et traumas.<\/li>\n<\/ul>\n\n\n\n<ul class=\"wp-block-list\">\n<li>J&rsquo;analyse aussi les chemins de vie en num\u00e9rologie \u00e0 22 nombres et tib\u00e9taine, bon compl\u00e9ment pour d\u00e9couvrir ses qualit\u00e9s et faiblesses et mieux orienter ses choix<\/li>\n<\/ul>\n\n\n\n<p>Depuis 2009,&nbsp; j&rsquo;exerce comme naturoth\u00e9rapeute \u00e9nerg\u00e9ticienne en cabinet \u00e0 Seraing et je suis formatrice en shiatsu HEH \u00e0 l&rsquo;IFAPME.<\/p>\n\n\n\n<p>Je propose des soins holistiques personnalis\u00e9s et aide les personnes \u00e0 retrouver bien-\u00eatre, \u00e9quilibre et vitalit\u00e9 en travaillant aussi bien le corps physique( douleurs, tensions, \u00e9puisement, sommeil, probl\u00e8mes chroniques de sant\u00e9) que l&rsquo;\u00e9quilibre des \u00e9motions, le d\u00e9veloppement personnel et la Conscience( gestion du stress et crises de vie, travail, famille ou relations, d\u00e9pressions, pertes de sens).<\/p>\n\n\n\n<p>Je donne des cours de Shiatsu HEH et \u00e9galement des ateliers de sant\u00e9 holistique dans divers Centres en bien-\u00eatre et d\u00e9veloppement personnel , mais aussi en entreprise o\u00f9 je propose ma palette d&rsquo;expertise \u00e0 travers des ateliers visant tous \u00e0 pr\u00e9venir, soutenir ou retrouver la sant\u00e9 globale( l&rsquo;\u00e9nergie, la vitalit\u00e9, l&rsquo;\u00e9quilibre alimentaire, \u00e9motionnel et aussi l&rsquo;immunit\u00e9),&nbsp; bien utiles pour lutter contre le stress et le burn-out et favoriser la Qualit\u00e9 de vie au travail.<\/p>\n\n\n\n<p class=\"has-link-color wp-elements-e8e11314cbe4f6c6a5c3a2ebcced0649\"><strong>Renseignements : Patricia Fantini  &#8211;  0495\/42.06.30<\/strong>  &#8211;  <a href=\"mailto:patnature@outlook.fr\" target=\"_blank\" rel=\"noreferrer noopener\"><strong>patnature@outlook.fr<\/strong><\/a><\/p>\n\n\n\n<p><\/p>\n","protected":false},"excerpt":{"rendered":"<p>J&rsquo;ai toujours eu une sensibilit\u00e9 particuli\u00e8re, un \u00ab\u00a0don\u00a0\u00bb m\u00eame,&nbsp; pour les \u00e9nergies, en m\u00eame temps dot\u00e9e d&rsquo;un esprit d&rsquo;analyse et d&rsquo;une formation scientifique, j&rsquo;ai cherch\u00e9 des solutions efficaces pour m&rsquo;aider \u00e0 g\u00e9rer mes propres \u00e9nergies, ma sant\u00e9 globale et j&rsquo;ai \u00e9t\u00e9 guid\u00e9e \u00e0 d\u00e9velopper mon potentiel de gu\u00e9risseuse, ressentant clairement que c&rsquo;\u00e9tait mon chemin de [&hellip;]<\/p>\n","protected":false},"author":1,"featured_media":0,"comment_status":"open","ping_status":"open","sticky":false,"template":"","format":"standard","meta":{"footnotes":""},"categories":[23],"tags":[],"post_folder":[22],"class_list":["post-2219","post","type-post","status-publish","format-standard","hentry","category-collaborateurs"],"_links":{"self":[{"href":"https:\/\/hetreinterieur.be\/index.php\/wp-json\/wp\/v2\/posts\/2219","targetHints":{"allow":["GET"]}}],"collection":[{"href":"https:\/\/hetreinterieur.be\/index.php\/wp-json\/wp\/v2\/posts"}],"about":[{"href":"https:\/\/hetreinterieur.be\/index.php\/wp-json\/wp\/v2\/types\/post"}],"author":[{"embeddable":true,"href":"https:\/\/hetreinterieur.be\/index.php\/wp-json\/wp\/v2\/users\/1"}],"replies":[{"embeddable":true,"href":"https:\/\/hetreinterieur.be\/index.php\/wp-json\/wp\/v2\/comments?post=2219"}],"version-history":[{"count":3,"href":"https:\/\/hetreinterieur.be\/index.php\/wp-json\/wp\/v2\/posts\/2219\/revisions"}],"predecessor-version":[{"id":2230,"href":"https:\/\/hetreinterieur.be\/index.php\/wp-json\/wp\/v2\/posts\/2219\/revisions\/2230"}],"wp:attachment":[{"href":"https:\/\/hetreinterieur.be\/index.php\/wp-json\/wp\/v2\/media?parent=2219"}],"wp:term":[{"taxonomy":"category","embeddable":true,"href":"https:\/\/hetreinterieur.be\/index.php\/wp-json\/wp\/v2\/categories?post=2219"},{"taxonomy":"post_tag","embeddable":true,"href":"https:\/\/hetreinterieur.be\/index.php\/wp-json\/wp\/v2\/tags?post=2219"},{"taxonomy":"post_folder","embeddable":true,"href":"https:\/\/hetreinterieur.be\/index.php\/wp-json\/wp\/v2\/post_folder?post=2219"}],"curies":[{"name":"wp","href":"https:\/\/api.w.org\/{rel}","templated":true}]}}