{"id":1327,"date":"2024-11-19T09:37:45","date_gmt":"2024-11-19T08:37:45","guid":{"rendered":"https:\/\/hetreinterieur.be\/?p=1327"},"modified":"2024-11-19T17:51:44","modified_gmt":"2024-11-19T16:51:44","slug":"therapie-co-creative","status":"publish","type":"post","link":"https:\/\/hetreinterieur.be\/index.php\/2024\/11\/19\/therapie-co-creative\/","title":{"rendered":"Th\u00e9rapie co-cr\u00e9ative"},"content":{"rendered":"\n<p><strong><em>OBJECTIFS<\/em>&nbsp;<\/strong>:<\/p>\n\n\n\n<p>1e ann\u00e9e : ax\u00e9e sur le \u2018savoir-\u00eatre\u2019<br>2e ann\u00e9e : ax\u00e9e sur le \u2018savoir\u2019<br>3e ann\u00e9e : ax\u00e9e sur le \u2018savoir-faire\u2019<\/p>\n\n\n\n<p><strong>1\u00e8re ann\u00e9e<\/strong><\/p>\n\n\n\n<p>Mieux se conna\u00eetre, se d\u00e9finir :<\/p>\n\n\n\n<ul class=\"wp-block-list\">\n<li>Quel type de gu\u00e9risseur suis-je ?<\/li>\n\n\n\n<li>Mes croyances positives et limitatives<\/li>\n\n\n\n<li>Mes atouts et mes obstacles g\u00e9n\u00e9alogiques<\/li>\n\n\n\n<li>Mes qualit\u00e9s essentielles<\/li>\n<\/ul>\n\n\n\n<p>Cultiver les attitudes du th\u00e9rapeute co-cr\u00e9ateur :<\/p>\n\n\n\n<ul class=\"wp-block-list\">\n<li>Enracinement<\/li>\n\n\n\n<li>Pr\u00e9sence cadrante<\/li>\n\n\n\n<li>\u00e9coute bienveillante<\/li>\n\n\n\n<li>Cr\u00e9ativit\u00e9<\/li>\n\n\n\n<li>Intuition<\/li>\n\n\n\n<li>L\u00e2cher-prise<\/li>\n\n\n\n<li>Ouverture de c\u0153ur, compassion<\/li>\n\n\n\n<li>Clairvoyance<\/li>\n\n\n\n<li>Foi, enthousiasme<\/li>\n<\/ul>\n\n\n\n<p><\/p>\n\n\n\n<p><strong>2\u00e8me ann\u00e9e<\/strong><\/p>\n\n\n\n<p>Principes et travail de gu\u00e9rison :<\/p>\n\n\n\n<ul class=\"wp-block-list\">\n<li>tout ce qu\u2019il faut savoir pour \u00eatre \u2018aidant\u2019 et<br>non toxique,<\/li>\n\n\n\n<li>\u00e9couter sans se laisser envahir,<\/li>\n\n\n\n<li>\u00e9viter les pi\u00e8ges tendus par la personne en<br>chemin,<\/li>\n\n\n\n<li>\u00ab Guet-rire \u00bb plut\u00f4t que \u00ab soi-nier \u00bb<\/li>\n<\/ul>\n\n\n\n<p>\u00c9tapes du \u00ab\u00a0chemin de gu\u00e9rison\u00a0\u00bb.<\/p>\n\n\n\n<p>Les diff\u00e9rentes blessures, leurs r\u00e9percussions mentales, physiques et \u00e9motionnelles<\/p>\n\n\n\n<p>Les grandes pistes de traitement.<\/p>\n\n\n\n<p><\/p>\n\n\n\n<p><strong>3\u00e8me ann\u00e9e<\/strong><\/p>\n\n\n\n<p>Apprendre \u00e0 d\u00e9crypter les symboles, les r\u00eaves, les gestes, les actes manqu\u00e9s, les mies en situation, les changements \u00e9nerg\u00e9tiques.<\/p>\n\n\n\n<p>D\u00e9couvrir diff\u00e9rents outils th\u00e9rapeutiques :<\/p>\n\n\n\n<ul class=\"wp-block-list\">\n<li>sculptures vivantes<\/li>\n\n\n\n<li>mise en situation d\u2019objets<\/li>\n\n\n\n<li>hypnose<\/li>\n\n\n\n<li>injonctions paradoxales<\/li>\n\n\n\n<li>contes th\u00e9rapeutiques et m\u00e9taphores<\/li>\n\n\n\n<li>techniques \u00e9nerg\u00e9tiques (E.F.T. &#8211; Emotional Freedom Technics)<\/li>\n\n\n\n<li>processus parall\u00e8le<\/li>\n<\/ul>\n\n\n\n<p>S&rsquo;exercer \u00e0 ces outils pour se les approprier et les personnaliser.<\/p>\n\n\n\n<p><\/p>\n\n\n\n<p><em><strong>PUBLIC<\/strong>&nbsp;<\/em>:<\/p>\n\n\n\n<ul class=\"wp-block-list\">\n<li>A ceux qui veulent accompagner humblement des personnes en chemin.<\/li>\n\n\n\n<li>A ceux qui veulent d\u00e9velopper leur gu\u00e9risseur int\u00e9rieur.<\/li>\n<\/ul>\n\n\n\n<p><em><strong>FORMATRICE<\/strong>&nbsp;<\/em>:<\/p>\n\n\n\n<p><a href=\"https:\/\/hetreinterieur.be\/index.php\/2024\/11\/13\/dominique-de-thier\/\" data-type=\"post\" data-id=\"1258\">Dominique de Thier<br><\/a>Licenci\u00e9e en psychologie, 25 ans d\u2019exp\u00e9rience, form\u00e9e en analyse transactionnelle, hypnose Eriksonienne, symbolisation, psychodrame, play-backth\u00e9atre, th\u00e9rapie syst\u00e9mique, th\u00e9rapie br\u00e8ve, th\u00e9rapies psycho-corporelles, contes.<\/p>\n\n\n\n<p><em><strong>Prix et conditions<\/strong><\/em>&nbsp;:<\/p>\n\n\n\n<p>Une apr\u00e8s-midi par mois le samedi ou le dimanche (selon les d\u00e9sid\u00e9ratas du groupe) au centre \u00abH\u00eatre Int\u00e9rieur \u00bb.<\/p>\n\n\n\n<p>Minerval : <strong>1250\u20ac HTVA \/an<\/strong> <br><em>(possibilit\u00e9 de payer par mois)<\/em><\/p>\n\n\n\n<p><em><strong>Informations sur les prochaines dates et inscription<\/strong>&nbsp;<\/em>:<\/p>\n\n\n\n<p><em>Pas de dates d\u00e9finies pour l&rsquo;instant<\/em><\/p>\n\n\n\n<p>019 32 52 95<br>0477 56 40 85<br>d-de-thier@skynet.be<\/p>\n","protected":false},"excerpt":{"rendered":"<p>OBJECTIFS&nbsp;: 1e ann\u00e9e : ax\u00e9e sur le \u2018savoir-\u00eatre\u20192e ann\u00e9e : ax\u00e9e sur le \u2018savoir\u20193e ann\u00e9e : ax\u00e9e sur le \u2018savoir-faire\u2019 1\u00e8re ann\u00e9e Mieux se conna\u00eetre, se d\u00e9finir : Cultiver les attitudes du th\u00e9rapeute co-cr\u00e9ateur : 2\u00e8me ann\u00e9e Principes et travail de gu\u00e9rison : \u00c9tapes du \u00ab\u00a0chemin de gu\u00e9rison\u00a0\u00bb. Les diff\u00e9rentes blessures, leurs r\u00e9percussions mentales, physiques [&hellip;]<\/p>\n","protected":false},"author":1,"featured_media":1338,"comment_status":"open","ping_status":"open","sticky":false,"template":"","format":"standard","meta":{"footnotes":""},"categories":[25],"tags":[],"post_folder":[24],"class_list":["post-1327","post","type-post","status-publish","format-standard","has-post-thumbnail","hentry","category-formation"],"_links":{"self":[{"href":"https:\/\/hetreinterieur.be\/index.php\/wp-json\/wp\/v2\/posts\/1327","targetHints":{"allow":["GET"]}}],"collection":[{"href":"https:\/\/hetreinterieur.be\/index.php\/wp-json\/wp\/v2\/posts"}],"about":[{"href":"https:\/\/hetreinterieur.be\/index.php\/wp-json\/wp\/v2\/types\/post"}],"author":[{"embeddable":true,"href":"https:\/\/hetreinterieur.be\/index.php\/wp-json\/wp\/v2\/users\/1"}],"replies":[{"embeddable":true,"href":"https:\/\/hetreinterieur.be\/index.php\/wp-json\/wp\/v2\/comments?post=1327"}],"version-history":[{"count":3,"href":"https:\/\/hetreinterieur.be\/index.php\/wp-json\/wp\/v2\/posts\/1327\/revisions"}],"predecessor-version":[{"id":1433,"href":"https:\/\/hetreinterieur.be\/index.php\/wp-json\/wp\/v2\/posts\/1327\/revisions\/1433"}],"wp:featuredmedia":[{"embeddable":true,"href":"https:\/\/hetreinterieur.be\/index.php\/wp-json\/wp\/v2\/media\/1338"}],"wp:attachment":[{"href":"https:\/\/hetreinterieur.be\/index.php\/wp-json\/wp\/v2\/media?parent=1327"}],"wp:term":[{"taxonomy":"category","embeddable":true,"href":"https:\/\/hetreinterieur.be\/index.php\/wp-json\/wp\/v2\/categories?post=1327"},{"taxonomy":"post_tag","embeddable":true,"href":"https:\/\/hetreinterieur.be\/index.php\/wp-json\/wp\/v2\/tags?post=1327"},{"taxonomy":"post_folder","embeddable":true,"href":"https:\/\/hetreinterieur.be\/index.php\/wp-json\/wp\/v2\/post_folder?post=1327"}],"curies":[{"name":"wp","href":"https:\/\/api.w.org\/{rel}","templated":true}]}}