{"id":1323,"date":"2024-11-19T09:25:17","date_gmt":"2024-11-19T08:25:17","guid":{"rendered":"https:\/\/hetreinterieur.be\/?p=1323"},"modified":"2026-04-06T16:44:13","modified_gmt":"2026-04-06T14:44:13","slug":"gestion-dun-groupe","status":"publish","type":"post","link":"https:\/\/hetreinterieur.be\/index.php\/2024\/11\/19\/gestion-dun-groupe\/","title":{"rendered":"Gestion d&rsquo;un groupe"},"content":{"rendered":"\n<p><strong>Objectifs\u00a0<\/strong>:<\/p>\n\n\n\n<ul class=\"wp-block-list\">\n<li>&nbsp;R\u00e9v\u00e9ler vos croyances, appr\u00e9hensions, comp\u00e9tences dans la gestion d\u2019un groupe et donc d\u00e9couvrir ce qui devra \u00eatre am\u00e9lior\u00e9.<\/li>\n\n\n\n<li>Identifier les m\u00e9canismes fondateurs d\u2019un groupe, les rituels indispensables, les \u00e9tapes \u00e9volutives.<\/li>\n\n\n\n<li>D\u00e9velopper des comp\u00e9tences et des outils de gestion respectueux de la vie d\u2019un groupe.<\/li>\n\n\n\n<li>Ressentir en \u00ab&nbsp;live&nbsp;\u00bb la vie d\u2019un groupe, votre rapport \u00e0 l\u2019animateur, vos r\u00e9actions spontan\u00e9es et les travailler.<\/li>\n<\/ul>\n\n\n\n<p><strong>Public<\/strong><em>\u00a0<\/em>:<\/p>\n\n\n\n<ul class=\"wp-block-list\">\n<li>Toute personne d\u00e9sireuse de d\u00e9velopper du savoir, du savoir-\u00eatre et du savoir-faire dans la gestion de tous groupes <strong>(<em>12 personnes maximum<\/em>)<\/strong><\/li>\n<\/ul>\n\n\n\n<p><strong>Animatrice :<\/strong><\/p>\n\n\n\n<p><a href=\"https:\/\/hetreinterieur.be\/index.php\/2024\/11\/13\/dominique-de-thier\/\" data-type=\"post\" data-id=\"1258\">Dominique de Thier<br><\/a>Licenci\u00e9e en psychologie \/ 30 ans d\u2019exp\u00e9rience dans la gestion de groupes (team building) \/ formatrice \/ psychoth\u00e9rapeute de groupe depuis 1987 \/ fondatrice de la Th\u00e9rapie Co-Cr\u00e9ative.<\/p>\n\n\n\n<p><strong>Prix et conditions\u00a0:<\/strong><\/p>\n\n\n\n<ul class=\"wp-block-list\">\n<li>Entreprises\u00a0: 745 \u20ac HTVA<\/li>\n\n\n\n<li>Assocations : 550 \u20ac HTVA<\/li>\n\n\n\n<li>Particuliers\u00a0: 375 \u20ac HTVA<\/li>\n<\/ul>\n\n\n\n<p><em>Possibilit\u00e9 d\u2019\u00e9taler les paiements<\/em>.<\/p>\n\n\n\n<p><strong>Informations sur les prochaines dates<\/strong>&nbsp;:<\/p>\n\n\n\n<p><strong>Les 27, 28 et 29 juin 2026 <br><\/strong><em>de 13h30 \u00e0 18h30<\/em><\/p>\n\n\n\n<p>OU<\/p>\n\n\n\n<p><strong>Les 10, 11, 12 juillet 2026<br><\/strong><em>de 13h30 \u00e0 18h30<\/em><\/p>\n\n\n\n<p><strong>Inscriptions : <\/strong><\/p>\n\n\n\n<p>0477 56 40 85 ou 019 32 52 95<br>d-de-thier@skynet.be<\/p>\n","protected":false},"excerpt":{"rendered":"<p>Objectifs\u00a0: Public\u00a0: Animatrice : Dominique de ThierLicenci\u00e9e en psychologie \/ 30 ans d\u2019exp\u00e9rience dans la gestion de groupes (team building) \/ formatrice \/ psychoth\u00e9rapeute de groupe depuis 1987 \/ fondatrice de la Th\u00e9rapie Co-Cr\u00e9ative. Prix et conditions\u00a0: Possibilit\u00e9 d\u2019\u00e9taler les paiements. Informations sur les prochaines dates&nbsp;: Les 27, 28 et 29 juin 2026 de 13h30 [&hellip;]<\/p>\n","protected":false},"author":1,"featured_media":1340,"comment_status":"open","ping_status":"open","sticky":false,"template":"","format":"standard","meta":{"footnotes":""},"categories":[25,1],"tags":[],"post_folder":[24],"class_list":["post-1323","post","type-post","status-publish","format-standard","has-post-thumbnail","hentry","category-formation","category-non-classe"],"_links":{"self":[{"href":"https:\/\/hetreinterieur.be\/index.php\/wp-json\/wp\/v2\/posts\/1323","targetHints":{"allow":["GET"]}}],"collection":[{"href":"https:\/\/hetreinterieur.be\/index.php\/wp-json\/wp\/v2\/posts"}],"about":[{"href":"https:\/\/hetreinterieur.be\/index.php\/wp-json\/wp\/v2\/types\/post"}],"author":[{"embeddable":true,"href":"https:\/\/hetreinterieur.be\/index.php\/wp-json\/wp\/v2\/users\/1"}],"replies":[{"embeddable":true,"href":"https:\/\/hetreinterieur.be\/index.php\/wp-json\/wp\/v2\/comments?post=1323"}],"version-history":[{"count":6,"href":"https:\/\/hetreinterieur.be\/index.php\/wp-json\/wp\/v2\/posts\/1323\/revisions"}],"predecessor-version":[{"id":2109,"href":"https:\/\/hetreinterieur.be\/index.php\/wp-json\/wp\/v2\/posts\/1323\/revisions\/2109"}],"wp:featuredmedia":[{"embeddable":true,"href":"https:\/\/hetreinterieur.be\/index.php\/wp-json\/wp\/v2\/media\/1340"}],"wp:attachment":[{"href":"https:\/\/hetreinterieur.be\/index.php\/wp-json\/wp\/v2\/media?parent=1323"}],"wp:term":[{"taxonomy":"category","embeddable":true,"href":"https:\/\/hetreinterieur.be\/index.php\/wp-json\/wp\/v2\/categories?post=1323"},{"taxonomy":"post_tag","embeddable":true,"href":"https:\/\/hetreinterieur.be\/index.php\/wp-json\/wp\/v2\/tags?post=1323"},{"taxonomy":"post_folder","embeddable":true,"href":"https:\/\/hetreinterieur.be\/index.php\/wp-json\/wp\/v2\/post_folder?post=1323"}],"curies":[{"name":"wp","href":"https:\/\/api.w.org\/{rel}","templated":true}]}}