{"id":1256,"date":"2024-11-13T17:20:35","date_gmt":"2024-11-13T16:20:35","guid":{"rendered":"https:\/\/hetreinterieur.be\/?p=1256"},"modified":"2024-11-19T13:07:44","modified_gmt":"2024-11-19T12:07:44","slug":"christel-gourmet","status":"publish","type":"post","link":"https:\/\/hetreinterieur.be\/index.php\/2024\/11\/13\/christel-gourmet\/","title":{"rendered":"Christel Gourmet"},"content":{"rendered":"\n<p>M\u00e9decin, form\u00e9e \u00e0 la m\u00e9thode Feldenkrais \u00e0 l\u2019IFELD, institut de formation \u00e0 Lyon.<br>Elle propose une th\u00e9rapie corporelle bas\u00e9e sur la m\u00e9thode Feldenkrais, sous la forme de s\u00e9ances collectives et individuelles de \u00ab\u00a0prise de conscience par le mouvement\u00a0\u00bb (PCM).<\/p>\n\n\n\n<p>Elle pratique la c\u00e9ramique depuis une dizaine d\u2019ann\u00e9es. Le travail de tournage de la terre l\u2019am\u00e8ne \u00e0 d\u00e9couvrir et exp\u00e9rimenter la m\u00e9thode sur elle-m\u00eame. Puis convaincue de son efficacit\u00e9, elle d\u00e9cide d\u2019utiliser cette m\u00e9thode comme moyen th\u00e9rapeutique.<\/p>\n\n\n\n<p>Renseignements et inscriptions :<br>0495 68 30 95<br>cgourmet@gmail.com<\/p>\n","protected":false},"excerpt":{"rendered":"<p>M\u00e9decin, form\u00e9e \u00e0 la m\u00e9thode Feldenkrais \u00e0 l\u2019IFELD, institut de formation \u00e0 Lyon.Elle propose une th\u00e9rapie corporelle bas\u00e9e sur la m\u00e9thode Feldenkrais, sous la forme de s\u00e9ances collectives et individuelles de \u00ab\u00a0prise de conscience par le mouvement\u00a0\u00bb (PCM). Elle pratique la c\u00e9ramique depuis une dizaine d\u2019ann\u00e9es. Le travail de tournage de la terre l\u2019am\u00e8ne \u00e0 [&hellip;]<\/p>\n","protected":false},"author":1,"featured_media":1352,"comment_status":"open","ping_status":"open","sticky":false,"template":"","format":"standard","meta":{"footnotes":""},"categories":[23],"tags":[],"post_folder":[22],"class_list":["post-1256","post","type-post","status-publish","format-standard","has-post-thumbnail","hentry","category-collaborateurs"],"_links":{"self":[{"href":"https:\/\/hetreinterieur.be\/index.php\/wp-json\/wp\/v2\/posts\/1256","targetHints":{"allow":["GET"]}}],"collection":[{"href":"https:\/\/hetreinterieur.be\/index.php\/wp-json\/wp\/v2\/posts"}],"about":[{"href":"https:\/\/hetreinterieur.be\/index.php\/wp-json\/wp\/v2\/types\/post"}],"author":[{"embeddable":true,"href":"https:\/\/hetreinterieur.be\/index.php\/wp-json\/wp\/v2\/users\/1"}],"replies":[{"embeddable":true,"href":"https:\/\/hetreinterieur.be\/index.php\/wp-json\/wp\/v2\/comments?post=1256"}],"version-history":[{"count":2,"href":"https:\/\/hetreinterieur.be\/index.php\/wp-json\/wp\/v2\/posts\/1256\/revisions"}],"predecessor-version":[{"id":1317,"href":"https:\/\/hetreinterieur.be\/index.php\/wp-json\/wp\/v2\/posts\/1256\/revisions\/1317"}],"wp:featuredmedia":[{"embeddable":true,"href":"https:\/\/hetreinterieur.be\/index.php\/wp-json\/wp\/v2\/media\/1352"}],"wp:attachment":[{"href":"https:\/\/hetreinterieur.be\/index.php\/wp-json\/wp\/v2\/media?parent=1256"}],"wp:term":[{"taxonomy":"category","embeddable":true,"href":"https:\/\/hetreinterieur.be\/index.php\/wp-json\/wp\/v2\/categories?post=1256"},{"taxonomy":"post_tag","embeddable":true,"href":"https:\/\/hetreinterieur.be\/index.php\/wp-json\/wp\/v2\/tags?post=1256"},{"taxonomy":"post_folder","embeddable":true,"href":"https:\/\/hetreinterieur.be\/index.php\/wp-json\/wp\/v2\/post_folder?post=1256"}],"curies":[{"name":"wp","href":"https:\/\/api.w.org\/{rel}","templated":true}]}}